{"id":75,"date":"2025-09-11T12:13:22","date_gmt":"2025-09-11T10:13:22","guid":{"rendered":"https:\/\/eucred.ro\/?p=75"},"modified":"2025-09-11T12:13:22","modified_gmt":"2025-09-11T10:13:22","slug":"dam-folk-2","status":"publish","type":"post","link":"https:\/\/eucred.ro\/index.php\/2025\/09\/11\/dam-folk-2\/","title":{"rendered":"D\u0102M FOLK"},"content":{"rendered":"\n<figure class=\"wp-block-image aligncenter size-large is-resized\"><img loading=\"lazy\" decoding=\"async\" width=\"1024\" height=\"682\" src=\"https:\/\/eucred.ro\/wp-content\/uploads\/2025\/09\/Imagine-WhatsApp-2025-08-18-la-17.57.24_db81d1bf-1024x682.jpg\" alt=\"\" class=\"wp-image-76\" style=\"width:602px;height:auto\" srcset=\"https:\/\/eucred.ro\/wp-content\/uploads\/2025\/09\/Imagine-WhatsApp-2025-08-18-la-17.57.24_db81d1bf-1024x682.jpg 1024w, https:\/\/eucred.ro\/wp-content\/uploads\/2025\/09\/Imagine-WhatsApp-2025-08-18-la-17.57.24_db81d1bf-300x200.jpg 300w, https:\/\/eucred.ro\/wp-content\/uploads\/2025\/09\/Imagine-WhatsApp-2025-08-18-la-17.57.24_db81d1bf-768x512.jpg 768w, https:\/\/eucred.ro\/wp-content\/uploads\/2025\/09\/Imagine-WhatsApp-2025-08-18-la-17.57.24_db81d1bf-1536x1023.jpg 1536w, https:\/\/eucred.ro\/wp-content\/uploads\/2025\/09\/Imagine-WhatsApp-2025-08-18-la-17.57.24_db81d1bf.jpg 1600w\" sizes=\"auto, (max-width: 1024px) 100vw, 1024px\" \/><\/figure>\n\n\n\n<p>Nu-i greu deloc s\u0103 fim frumo\u0219i \u0219i buni,<\/p>\n\n\n\n<p>E cel mai simplu lucru de f\u0103cut,<\/p>\n\n\n\n<p>Putem s\u0103 credem ast\u0103zi \u00een minuni<\/p>\n\n\n\n<p>Prin c\u00e2ntec \u0219i prin vers Am ren\u0103scut.<\/p>\n\n\n\n<p>La poale de ceahl\u0103u ne-am adunat,<\/p>\n\n\n\n<p>Am \u00een\u0103l\u021bat spre ceruri alte pun\u021bi,<\/p>\n\n\n\n<p>Prin folk am \u00eenviat \u0219i am c\u00e2ntat,<\/p>\n\n\n\n<p>La \u021b\u0103rmul vechi al m\u0103rii dintre mun\u021bi<\/p>\n\n\n\n<p>Refren<\/p>\n\n\n\n<p>D\u0103m folk- e-un punct pe ordinea de zi,<\/p>\n\n\n\n<p>D\u0103m folk la to\u021bi cei care ne iubesc,<\/p>\n\n\n\n<p>D\u0103m folk, c\u0103ci doar a\u0219a ne vom trezi<\/p>\n\n\n\n<p>Din somnul cel ad\u00e2nc \u0219i nefiresc.<\/p>\n\n\n\n<p>Poetic am c\u0103l\u0103torit prin vis<\/p>\n\n\n\n<p>\u0218i am c\u00e2ntat de dragoste \u0219i dor<\/p>\n\n\n\n<p>Tot ce-a fost r\u0103u \u00een suflet am ucis<\/p>\n\n\n\n<p>\u201eS\u0103 fie pace\u201d, am c\u00e2ntat \u00een cor.<\/p>\n\n\n\n<p>Ne-am \u00eenfr\u0103\u021bit pe-acorduri de chitare<\/p>\n\n\n\n<p>\u0218i L-am sl\u0103vit pe Dumnezeu&nbsp; prin c\u00e2nt,<\/p>\n\n\n\n<p>Am dat m\u00e2n\u0103 cu m\u00e2n\u0103 fiecare<\/p>\n\n\n\n<p>\u0218i am f\u0103cut cu via\u021ba leg\u0103m\u00e2nt.<\/p>\n\n\n\n<p>Refren<\/p>\n\n\n\n<figure class=\"wp-block-image aligncenter size-full is-resized\"><img loading=\"lazy\" decoding=\"async\" width=\"612\" height=\"408\" src=\"https:\/\/eucred.ro\/wp-content\/uploads\/2025\/09\/coserariu-2.jpg\" alt=\"\" class=\"wp-image-77\" style=\"width:498px;height:auto\" srcset=\"https:\/\/eucred.ro\/wp-content\/uploads\/2025\/09\/coserariu-2.jpg 612w, https:\/\/eucred.ro\/wp-content\/uploads\/2025\/09\/coserariu-2-300x200.jpg 300w\" sizes=\"auto, (max-width: 612px) 100vw, 612px\" \/><\/figure>\n\n\n\n<p>De-acum vom respira folk prin pl\u0103m\u00e2ni,<\/p>\n\n\n\n<p>Ne vom uni la bine \u0219i la greu,<\/p>\n\n\n\n<p>Noi, azi, d\u0103m folk \u00een case la rom\u00e2ni,<\/p>\n\n\n\n<p>Vom mul\u021bumi prin c\u00e2nt Lui Dumnezeu.<\/p>\n\n\n\n<p>Ne-am lep\u0103dat prin c\u00e2ntec de necaz<\/p>\n\n\n\n<p>\u0218i-am devenit cu to\u021bii fra\u021bi de Cruce,<\/p>\n\n\n\n<p>Noi azi d\u0103m folk la munte \u00eentr-un glas,<\/p>\n\n\n\n<p>Mereu, cu drag, aminte ne-om aduce.<\/p>\n\n\n\n<figure class=\"wp-block-image aligncenter size-full is-resized\"><img loading=\"lazy\" decoding=\"async\" width=\"612\" height=\"408\" src=\"https:\/\/eucred.ro\/wp-content\/uploads\/2025\/09\/1-28.jpg\" alt=\"\" class=\"wp-image-78\" style=\"width:462px;height:auto\" srcset=\"https:\/\/eucred.ro\/wp-content\/uploads\/2025\/09\/1-28.jpg 612w, https:\/\/eucred.ro\/wp-content\/uploads\/2025\/09\/1-28-300x200.jpg 300w\" sizes=\"auto, (max-width: 612px) 100vw, 612px\" \/><\/figure>\n\n\n\n<p><\/p>\n","protected":false},"excerpt":{"rendered":"<p>Nu-i greu deloc s\u0103 fim frumo\u0219i \u0219i buni, E cel mai simplu lucru de f\u0103cut, Putem s\u0103 credem ast\u0103zi \u00een minuni Prin c\u00e2ntec \u0219i prin vers Am ren\u0103scut. La poale de ceahl\u0103u ne-am adunat, Am \u00een\u0103l\u021bat spre ceruri alte pun\u021bi, Prin folk am \u00eenviat \u0219i am c\u00e2ntat, La \u021b\u0103rmul vechi al m\u0103rii dintre mun\u021bi Refren [&hellip;]<\/p>\n","protected":false},"author":1,"featured_media":43,"comment_status":"open","ping_status":"open","sticky":false,"template":"","format":"standard","meta":{"footnotes":""},"categories":[8],"tags":[11,16,14,13,15],"class_list":["post-75","post","type-post","status-publish","format-standard","has-post-thumbnail","hentry","category-dam-folk","tag-dam-folk","tag-ecoul-muntilor","tag-eu-cred-dam-folk","tag-marius-coserariu","tag-tasca"],"yoast_head":"<!-- This site is optimized with the Yoast SEO plugin v26.5 - https:\/\/yoast.com\/wordpress\/plugins\/seo\/ -->\n<title>D\u0102M FOLK -<\/title>\n<meta name=\"robots\" content=\"index, follow, max-snippet:-1, max-image-preview:large, max-video-preview:-1\" \/>\n<link rel=\"canonical\" href=\"https:\/\/eucred.ro\/index.php\/2025\/09\/11\/dam-folk-2\/\" \/>\n<meta property=\"og:locale\" content=\"ro_RO\" \/>\n<meta property=\"og:type\" content=\"article\" \/>\n<meta property=\"og:title\" content=\"D\u0102M FOLK -\" \/>\n<meta property=\"og:description\" content=\"Nu-i greu deloc s\u0103 fim frumo\u0219i \u0219i buni, E cel mai simplu lucru de f\u0103cut, Putem s\u0103 credem ast\u0103zi \u00een minuni Prin c\u00e2ntec \u0219i prin vers Am ren\u0103scut. La poale de ceahl\u0103u ne-am adunat, Am \u00een\u0103l\u021bat spre ceruri alte pun\u021bi, Prin folk am \u00eenviat \u0219i am c\u00e2ntat, La \u021b\u0103rmul vechi al m\u0103rii dintre mun\u021bi Refren [&hellip;]\" \/>\n<meta property=\"og:url\" content=\"https:\/\/eucred.ro\/index.php\/2025\/09\/11\/dam-folk-2\/\" \/>\n<meta property=\"article:published_time\" content=\"2025-09-11T10:13:22+00:00\" \/>\n<meta property=\"og:image\" content=\"https:\/\/eucred.ro\/wp-content\/uploads\/2025\/09\/DamFolk.jpeg\" \/>\n\t<meta property=\"og:image:width\" content=\"1482\" \/>\n\t<meta property=\"og:image:height\" content=\"1600\" \/>\n\t<meta property=\"og:image:type\" content=\"image\/jpeg\" \/>\n<meta name=\"author\" content=\"admin\" \/>\n<meta name=\"twitter:card\" content=\"summary_large_image\" \/>\n<meta name=\"twitter:label1\" content=\"Scris de\" \/>\n\t<meta name=\"twitter:data1\" content=\"admin\" \/>\n\t<meta name=\"twitter:label2\" content=\"Timp estimat pentru citire\" \/>\n\t<meta name=\"twitter:data2\" content=\"1 minut\" \/>\n<script type=\"application\/ld+json\" class=\"yoast-schema-graph\">{\"@context\":\"https:\/\/schema.org\",\"@graph\":[{\"@type\":\"Article\",\"@id\":\"https:\/\/eucred.ro\/index.php\/2025\/09\/11\/dam-folk-2\/#article\",\"isPartOf\":{\"@id\":\"https:\/\/eucred.ro\/index.php\/2025\/09\/11\/dam-folk-2\/\"},\"author\":{\"name\":\"admin\",\"@id\":\"https:\/\/eucred.ro\/#\/schema\/person\/e0b8a933416c4080e0db0fc0b753851e\"},\"headline\":\"D\u0102M FOLK\",\"datePublished\":\"2025-09-11T10:13:22+00:00\",\"mainEntityOfPage\":{\"@id\":\"https:\/\/eucred.ro\/index.php\/2025\/09\/11\/dam-folk-2\/\"},\"wordCount\":240,\"commentCount\":0,\"publisher\":{\"@id\":\"https:\/\/eucred.ro\/#organization\"},\"image\":{\"@id\":\"https:\/\/eucred.ro\/index.php\/2025\/09\/11\/dam-folk-2\/#primaryimage\"},\"thumbnailUrl\":\"https:\/\/eucred.ro\/wp-content\/uploads\/2025\/09\/DamFolk.jpeg\",\"keywords\":[\"D\u0103m Folk\",\"Ecoul Mun\u0163ilor\",\"Eu Cred D\u0103m Folk\",\"marius Co\u015ferariu\",\"Ta\u015fca\"],\"articleSection\":[\"D\u0103m Folk\"],\"inLanguage\":\"ro-RO\",\"potentialAction\":[{\"@type\":\"CommentAction\",\"name\":\"Comment\",\"target\":[\"https:\/\/eucred.ro\/index.php\/2025\/09\/11\/dam-folk-2\/#respond\"]}]},{\"@type\":\"WebPage\",\"@id\":\"https:\/\/eucred.ro\/index.php\/2025\/09\/11\/dam-folk-2\/\",\"url\":\"https:\/\/eucred.ro\/index.php\/2025\/09\/11\/dam-folk-2\/\",\"name\":\"D\u0102M FOLK -\",\"isPartOf\":{\"@id\":\"https:\/\/eucred.ro\/#website\"},\"primaryImageOfPage\":{\"@id\":\"https:\/\/eucred.ro\/index.php\/2025\/09\/11\/dam-folk-2\/#primaryimage\"},\"image\":{\"@id\":\"https:\/\/eucred.ro\/index.php\/2025\/09\/11\/dam-folk-2\/#primaryimage\"},\"thumbnailUrl\":\"https:\/\/eucred.ro\/wp-content\/uploads\/2025\/09\/DamFolk.jpeg\",\"datePublished\":\"2025-09-11T10:13:22+00:00\",\"breadcrumb\":{\"@id\":\"https:\/\/eucred.ro\/index.php\/2025\/09\/11\/dam-folk-2\/#breadcrumb\"},\"inLanguage\":\"ro-RO\",\"potentialAction\":[{\"@type\":\"ReadAction\",\"target\":[\"https:\/\/eucred.ro\/index.php\/2025\/09\/11\/dam-folk-2\/\"]}]},{\"@type\":\"ImageObject\",\"inLanguage\":\"ro-RO\",\"@id\":\"https:\/\/eucred.ro\/index.php\/2025\/09\/11\/dam-folk-2\/#primaryimage\",\"url\":\"https:\/\/eucred.ro\/wp-content\/uploads\/2025\/09\/DamFolk.jpeg\",\"contentUrl\":\"https:\/\/eucred.ro\/wp-content\/uploads\/2025\/09\/DamFolk.jpeg\",\"width\":1482,\"height\":1600},{\"@type\":\"BreadcrumbList\",\"@id\":\"https:\/\/eucred.ro\/index.php\/2025\/09\/11\/dam-folk-2\/#breadcrumb\",\"itemListElement\":[{\"@type\":\"ListItem\",\"position\":1,\"name\":\"Prima pagin\u0103\",\"item\":\"https:\/\/eucred.ro\/\"},{\"@type\":\"ListItem\",\"position\":2,\"name\":\"D\u0102M FOLK\"}]},{\"@type\":\"WebSite\",\"@id\":\"https:\/\/eucred.ro\/#website\",\"url\":\"https:\/\/eucred.ro\/\",\"name\":\"www.eucred.ro\",\"description\":\"\u201eCred \u00een respect, speran\u021b\u0103, unitate \/ Cred cu t\u0103rie-n om \u0219i demnitate!\u201d\",\"publisher\":{\"@id\":\"https:\/\/eucred.ro\/#organization\"},\"potentialAction\":[{\"@type\":\"SearchAction\",\"target\":{\"@type\":\"EntryPoint\",\"urlTemplate\":\"https:\/\/eucred.ro\/?s={search_term_string}\"},\"query-input\":{\"@type\":\"PropertyValueSpecification\",\"valueRequired\":true,\"valueName\":\"search_term_string\"}}],\"inLanguage\":\"ro-RO\"},{\"@type\":\"Organization\",\"@id\":\"https:\/\/eucred.ro\/#organization\",\"name\":\"Asocia\u021bia Cultural\u0103 \u201eEu Cred\u201d\",\"url\":\"https:\/\/eucred.ro\/\",\"logo\":{\"@type\":\"ImageObject\",\"inLanguage\":\"ro-RO\",\"@id\":\"https:\/\/eucred.ro\/#\/schema\/logo\/image\/\",\"url\":\"https:\/\/eucred.ro\/wp-content\/uploads\/2025\/09\/EuCred.jpeg\",\"contentUrl\":\"https:\/\/eucred.ro\/wp-content\/uploads\/2025\/09\/EuCred.jpeg\",\"width\":1204,\"height\":631,\"caption\":\"Asocia\u021bia Cultural\u0103 \u201eEu Cred\u201d\"},\"image\":{\"@id\":\"https:\/\/eucred.ro\/#\/schema\/logo\/image\/\"}},{\"@type\":\"Person\",\"@id\":\"https:\/\/eucred.ro\/#\/schema\/person\/e0b8a933416c4080e0db0fc0b753851e\",\"name\":\"admin\",\"image\":{\"@type\":\"ImageObject\",\"inLanguage\":\"ro-RO\",\"@id\":\"https:\/\/eucred.ro\/#\/schema\/person\/image\/\",\"url\":\"https:\/\/secure.gravatar.com\/avatar\/c72041aaba9589c310e09f38be0b9cde899e1dbc77fb801625f8ec009f65d3cd?s=96&d=mm&r=g\",\"contentUrl\":\"https:\/\/secure.gravatar.com\/avatar\/c72041aaba9589c310e09f38be0b9cde899e1dbc77fb801625f8ec009f65d3cd?s=96&d=mm&r=g\",\"caption\":\"admin\"},\"sameAs\":[\"https:\/\/eucred.ro\"],\"url\":\"https:\/\/eucred.ro\/index.php\/author\/admin\/\"}]}<\/script>\n<!-- \/ Yoast SEO plugin. -->","yoast_head_json":{"title":"D\u0102M FOLK -","robots":{"index":"index","follow":"follow","max-snippet":"max-snippet:-1","max-image-preview":"max-image-preview:large","max-video-preview":"max-video-preview:-1"},"canonical":"https:\/\/eucred.ro\/index.php\/2025\/09\/11\/dam-folk-2\/","og_locale":"ro_RO","og_type":"article","og_title":"D\u0102M FOLK -","og_description":"Nu-i greu deloc s\u0103 fim frumo\u0219i \u0219i buni, E cel mai simplu lucru de f\u0103cut, Putem s\u0103 credem ast\u0103zi \u00een minuni Prin c\u00e2ntec \u0219i prin vers Am ren\u0103scut. La poale de ceahl\u0103u ne-am adunat, Am \u00een\u0103l\u021bat spre ceruri alte pun\u021bi, Prin folk am \u00eenviat \u0219i am c\u00e2ntat, La \u021b\u0103rmul vechi al m\u0103rii dintre mun\u021bi Refren [&hellip;]","og_url":"https:\/\/eucred.ro\/index.php\/2025\/09\/11\/dam-folk-2\/","article_published_time":"2025-09-11T10:13:22+00:00","og_image":[{"width":1482,"height":1600,"url":"https:\/\/eucred.ro\/wp-content\/uploads\/2025\/09\/DamFolk.jpeg","type":"image\/jpeg"}],"author":"admin","twitter_card":"summary_large_image","twitter_misc":{"Scris de":"admin","Timp estimat pentru citire":"1 minut"},"schema":{"@context":"https:\/\/schema.org","@graph":[{"@type":"Article","@id":"https:\/\/eucred.ro\/index.php\/2025\/09\/11\/dam-folk-2\/#article","isPartOf":{"@id":"https:\/\/eucred.ro\/index.php\/2025\/09\/11\/dam-folk-2\/"},"author":{"name":"admin","@id":"https:\/\/eucred.ro\/#\/schema\/person\/e0b8a933416c4080e0db0fc0b753851e"},"headline":"D\u0102M FOLK","datePublished":"2025-09-11T10:13:22+00:00","mainEntityOfPage":{"@id":"https:\/\/eucred.ro\/index.php\/2025\/09\/11\/dam-folk-2\/"},"wordCount":240,"commentCount":0,"publisher":{"@id":"https:\/\/eucred.ro\/#organization"},"image":{"@id":"https:\/\/eucred.ro\/index.php\/2025\/09\/11\/dam-folk-2\/#primaryimage"},"thumbnailUrl":"https:\/\/eucred.ro\/wp-content\/uploads\/2025\/09\/DamFolk.jpeg","keywords":["D\u0103m Folk","Ecoul Mun\u0163ilor","Eu Cred D\u0103m Folk","marius Co\u015ferariu","Ta\u015fca"],"articleSection":["D\u0103m Folk"],"inLanguage":"ro-RO","potentialAction":[{"@type":"CommentAction","name":"Comment","target":["https:\/\/eucred.ro\/index.php\/2025\/09\/11\/dam-folk-2\/#respond"]}]},{"@type":"WebPage","@id":"https:\/\/eucred.ro\/index.php\/2025\/09\/11\/dam-folk-2\/","url":"https:\/\/eucred.ro\/index.php\/2025\/09\/11\/dam-folk-2\/","name":"D\u0102M FOLK -","isPartOf":{"@id":"https:\/\/eucred.ro\/#website"},"primaryImageOfPage":{"@id":"https:\/\/eucred.ro\/index.php\/2025\/09\/11\/dam-folk-2\/#primaryimage"},"image":{"@id":"https:\/\/eucred.ro\/index.php\/2025\/09\/11\/dam-folk-2\/#primaryimage"},"thumbnailUrl":"https:\/\/eucred.ro\/wp-content\/uploads\/2025\/09\/DamFolk.jpeg","datePublished":"2025-09-11T10:13:22+00:00","breadcrumb":{"@id":"https:\/\/eucred.ro\/index.php\/2025\/09\/11\/dam-folk-2\/#breadcrumb"},"inLanguage":"ro-RO","potentialAction":[{"@type":"ReadAction","target":["https:\/\/eucred.ro\/index.php\/2025\/09\/11\/dam-folk-2\/"]}]},{"@type":"ImageObject","inLanguage":"ro-RO","@id":"https:\/\/eucred.ro\/index.php\/2025\/09\/11\/dam-folk-2\/#primaryimage","url":"https:\/\/eucred.ro\/wp-content\/uploads\/2025\/09\/DamFolk.jpeg","contentUrl":"https:\/\/eucred.ro\/wp-content\/uploads\/2025\/09\/DamFolk.jpeg","width":1482,"height":1600},{"@type":"BreadcrumbList","@id":"https:\/\/eucred.ro\/index.php\/2025\/09\/11\/dam-folk-2\/#breadcrumb","itemListElement":[{"@type":"ListItem","position":1,"name":"Prima pagin\u0103","item":"https:\/\/eucred.ro\/"},{"@type":"ListItem","position":2,"name":"D\u0102M FOLK"}]},{"@type":"WebSite","@id":"https:\/\/eucred.ro\/#website","url":"https:\/\/eucred.ro\/","name":"www.eucred.ro","description":"\u201eCred \u00een respect, speran\u021b\u0103, unitate \/ Cred cu t\u0103rie-n om \u0219i demnitate!\u201d","publisher":{"@id":"https:\/\/eucred.ro\/#organization"},"potentialAction":[{"@type":"SearchAction","target":{"@type":"EntryPoint","urlTemplate":"https:\/\/eucred.ro\/?s={search_term_string}"},"query-input":{"@type":"PropertyValueSpecification","valueRequired":true,"valueName":"search_term_string"}}],"inLanguage":"ro-RO"},{"@type":"Organization","@id":"https:\/\/eucred.ro\/#organization","name":"Asocia\u021bia Cultural\u0103 \u201eEu Cred\u201d","url":"https:\/\/eucred.ro\/","logo":{"@type":"ImageObject","inLanguage":"ro-RO","@id":"https:\/\/eucred.ro\/#\/schema\/logo\/image\/","url":"https:\/\/eucred.ro\/wp-content\/uploads\/2025\/09\/EuCred.jpeg","contentUrl":"https:\/\/eucred.ro\/wp-content\/uploads\/2025\/09\/EuCred.jpeg","width":1204,"height":631,"caption":"Asocia\u021bia Cultural\u0103 \u201eEu Cred\u201d"},"image":{"@id":"https:\/\/eucred.ro\/#\/schema\/logo\/image\/"}},{"@type":"Person","@id":"https:\/\/eucred.ro\/#\/schema\/person\/e0b8a933416c4080e0db0fc0b753851e","name":"admin","image":{"@type":"ImageObject","inLanguage":"ro-RO","@id":"https:\/\/eucred.ro\/#\/schema\/person\/image\/","url":"https:\/\/secure.gravatar.com\/avatar\/c72041aaba9589c310e09f38be0b9cde899e1dbc77fb801625f8ec009f65d3cd?s=96&d=mm&r=g","contentUrl":"https:\/\/secure.gravatar.com\/avatar\/c72041aaba9589c310e09f38be0b9cde899e1dbc77fb801625f8ec009f65d3cd?s=96&d=mm&r=g","caption":"admin"},"sameAs":["https:\/\/eucred.ro"],"url":"https:\/\/eucred.ro\/index.php\/author\/admin\/"}]}},"_links":{"self":[{"href":"https:\/\/eucred.ro\/index.php\/wp-json\/wp\/v2\/posts\/75","targetHints":{"allow":["GET"]}}],"collection":[{"href":"https:\/\/eucred.ro\/index.php\/wp-json\/wp\/v2\/posts"}],"about":[{"href":"https:\/\/eucred.ro\/index.php\/wp-json\/wp\/v2\/types\/post"}],"author":[{"embeddable":true,"href":"https:\/\/eucred.ro\/index.php\/wp-json\/wp\/v2\/users\/1"}],"replies":[{"embeddable":true,"href":"https:\/\/eucred.ro\/index.php\/wp-json\/wp\/v2\/comments?post=75"}],"version-history":[{"count":1,"href":"https:\/\/eucred.ro\/index.php\/wp-json\/wp\/v2\/posts\/75\/revisions"}],"predecessor-version":[{"id":79,"href":"https:\/\/eucred.ro\/index.php\/wp-json\/wp\/v2\/posts\/75\/revisions\/79"}],"wp:featuredmedia":[{"embeddable":true,"href":"https:\/\/eucred.ro\/index.php\/wp-json\/wp\/v2\/media\/43"}],"wp:attachment":[{"href":"https:\/\/eucred.ro\/index.php\/wp-json\/wp\/v2\/media?parent=75"}],"wp:term":[{"taxonomy":"category","embeddable":true,"href":"https:\/\/eucred.ro\/index.php\/wp-json\/wp\/v2\/categories?post=75"},{"taxonomy":"post_tag","embeddable":true,"href":"https:\/\/eucred.ro\/index.php\/wp-json\/wp\/v2\/tags?post=75"}],"curies":[{"name":"wp","href":"https:\/\/api.w.org\/{rel}","templated":true}]}}